{"id":452,"date":"2025-02-19T14:52:36","date_gmt":"2025-02-19T13:52:36","guid":{"rendered":"https:\/\/educapenco.cl\/dem\/?p=452"},"modified":"2025-02-20T16:00:26","modified_gmt":"2025-02-20T15:00:26","slug":"452-2","status":"publish","type":"post","link":"https:\/\/educapenco.cl\/dem\/452-2","title":{"rendered":"Escuela Rep\u00fablica de Italia recibe certificado para la creaci\u00f3n del Liceo Rep\u00fablica de Italia"},"content":{"rendered":"<p>[et_pb_section fb_built=\u00bb1&#8243; _builder_version=\u00bb4.27.4&#8243; _module_preset=\u00bbdefault\u00bb global_colors_info=\u00bb{}\u00bb][et_pb_row _builder_version=\u00bb4.27.4&#8243; _module_preset=\u00bbdefault\u00bb width=\u00bb88%\u00bb module_alignment=\u00bbleft\u00bb global_colors_info=\u00bb{}\u00bb][et_pb_column type=\u00bb4_4&#8243; _builder_version=\u00bb4.27.4&#8243; _module_preset=\u00bbdefault\u00bb global_colors_info=\u00bb{}\u00bb][et_pb_text _builder_version=\u00bb4.27.4&#8243; _module_preset=\u00bbdefault\u00bb text_font=\u00bbVarela Round||||||||\u00bb text_font_size=\u00bb18px\u00bb text_line_height=\u00bb1.3em\u00bb text_orientation=\u00bbjustified\u00bb global_colors_info=\u00bb{}\u00bb]<\/p>\n<p>La educaci\u00f3n municipal de Penco sigue avanzando. A partir de este 2025, la Escuela Rep\u00fablica de Italia abre sus puertas con un primero medio conformado por 39 estudiantes, dando inicio a una etapa clave en la continuidad educativa de la comuna.<\/p>\n<p>El proceso de creaci\u00f3n del liceo comenz\u00f3 en 2020, cuando la comunidad escolar manifest\u00f3 su inter\u00e9s en proyectar la educaci\u00f3n media en el establecimiento.<\/p>\n<p>Tras a\u00f1os de trabajo y gesti\u00f3n, en diciembre de 2024, el Ministerio de Educaci\u00f3n otorg\u00f3 la certificaci\u00f3n oficial que permite su funcionamiento.<\/p>\n<p><strong>Elizabeth Aguirre<\/strong>, directora del nuevo liceo, expres\u00f3 su satisfacci\u00f3n por este logro, <strong><em>\u201cesta medida nos permitir\u00e1 continuar con uno de nuestros principales sellos, que es el idioma italiano\u00bb<\/em><\/strong>.<\/p>\n<p>Cabe destacar que, desde 2019, el Ministerio de Educaci\u00f3n reconoce el idioma italiano como parte de las asignaturas obligatorias del establecimiento, fortaleciendo la identidad y formaci\u00f3n de los estudiantes.<\/p>\n<p>El proceso de certificaci\u00f3n fue posible gracias al trabajo conjunto de la <em><strong>Municipalidad de Penco, el Concejo Municipal, el Centro General de Padres y los funcionarios del establecimiento<\/strong><\/em>, quienes brindaron apoyo tanto econ\u00f3mico como en mano de obra para hacer realidad este proyecto.<\/p>\n<p>Con esta iniciativa, se suma un tercer Liceo municipal, con lo cual se refuerza el compromiso con una educaci\u00f3n p\u00fablica de calidad, brindando nuevas oportunidades de aprendizaje y desarrollo para sus estudiantes.<\/p>\n<p>[\/et_pb_text][\/et_pb_column][\/et_pb_row][et_pb_row _builder_version=\u00bb4.27.4&#8243; _module_preset=\u00bbdefault\u00bb global_colors_info=\u00bb{}\u00bb][et_pb_column type=\u00bb4_4&#8243; _builder_version=\u00bb4.27.4&#8243; _module_preset=\u00bbdefault\u00bb global_colors_info=\u00bb{}\u00bb][\/et_pb_column][\/et_pb_row][\/et_pb_section]<\/p>\n","protected":false},"excerpt":{"rendered":"<p>La educaci\u00f3n municipal de Penco sigue avanzando. A partir de este 2025, la Escuela Rep\u00fablica de Italia abre sus puertas con un primero medio conformado por 39 estudiantes, dando inicio a una etapa clave en la continuidad educativa de la comuna. El proceso de creaci\u00f3n del liceo comenz\u00f3 en 2020, cuando la comunidad escolar manifest\u00f3 [&hellip;]<\/p>\n","protected":false},"author":1,"featured_media":458,"comment_status":"open","ping_status":"open","sticky":false,"template":"","format":"standard","meta":{"_et_pb_use_builder":"on","_et_pb_old_content":"","_et_gb_content_width":"","footnotes":""},"categories":[10],"tags":[],"class_list":["post-452","post","type-post","status-publish","format-standard","has-post-thumbnail","hentry","category-noticias"],"_links":{"self":[{"href":"https:\/\/educapenco.cl\/dem\/wp-json\/wp\/v2\/posts\/452","targetHints":{"allow":["GET"]}}],"collection":[{"href":"https:\/\/educapenco.cl\/dem\/wp-json\/wp\/v2\/posts"}],"about":[{"href":"https:\/\/educapenco.cl\/dem\/wp-json\/wp\/v2\/types\/post"}],"author":[{"embeddable":true,"href":"https:\/\/educapenco.cl\/dem\/wp-json\/wp\/v2\/users\/1"}],"replies":[{"embeddable":true,"href":"https:\/\/educapenco.cl\/dem\/wp-json\/wp\/v2\/comments?post=452"}],"version-history":[{"count":9,"href":"https:\/\/educapenco.cl\/dem\/wp-json\/wp\/v2\/posts\/452\/revisions"}],"predecessor-version":[{"id":469,"href":"https:\/\/educapenco.cl\/dem\/wp-json\/wp\/v2\/posts\/452\/revisions\/469"}],"wp:featuredmedia":[{"embeddable":true,"href":"https:\/\/educapenco.cl\/dem\/wp-json\/wp\/v2\/media\/458"}],"wp:attachment":[{"href":"https:\/\/educapenco.cl\/dem\/wp-json\/wp\/v2\/media?parent=452"}],"wp:term":[{"taxonomy":"category","embeddable":true,"href":"https:\/\/educapenco.cl\/dem\/wp-json\/wp\/v2\/categories?post=452"},{"taxonomy":"post_tag","embeddable":true,"href":"https:\/\/educapenco.cl\/dem\/wp-json\/wp\/v2\/tags?post=452"}],"curies":[{"name":"wp","href":"https:\/\/api.w.org\/{rel}","templated":true}]}}