{"id":558,"date":"2025-04-21T17:34:25","date_gmt":"2025-04-21T15:34:25","guid":{"rendered":"https:\/\/educapenco.cl\/dem\/?p=558"},"modified":"2025-04-21T17:50:03","modified_gmt":"2025-04-21T15:50:03","slug":"comunidad-educativa-de-penco-reflexiona-sobre-convivencia-escolar-y-violencia-de-genero","status":"publish","type":"post","link":"https:\/\/educapenco.cl\/dem\/comunidad-educativa-de-penco-reflexiona-sobre-convivencia-escolar-y-violencia-de-genero","title":{"rendered":"Comunidad Educativa de Penco Reflexiona Sobre Convivencia Escolar y Violencia de G\u00e9nero"},"content":{"rendered":"<p>[et_pb_section fb_built=\u00bb1&#8243; theme_builder_area=\u00bbpost_content\u00bb _builder_version=\u00bb4.27.4&#8243; _module_preset=\u00bbdefault\u00bb][et_pb_row _builder_version=\u00bb4.27.4&#8243; _module_preset=\u00bbdefault\u00bb width=\u00bb88%\u00bb module_alignment=\u00bbleft\u00bb global_colors_info=\u00bb{}\u00bb theme_builder_area=\u00bbpost_content\u00bb][et_pb_column type=\u00bb4_4&#8243; _builder_version=\u00bb4.27.4&#8243; _module_preset=\u00bbdefault\u00bb global_colors_info=\u00bb{}\u00bb theme_builder_area=\u00bbpost_content\u00bb][et_pb_text _builder_version=\u00bb4.27.4&#8243; _module_preset=\u00bbdefault\u00bb text_font=\u00bbVarela Round||||||||\u00bb text_font_size=\u00bb18px\u00bb text_line_height=\u00bb1.3em\u00bb text_orientation=\u00bbjustified\u00bb global_colors_info=\u00bb{}\u00bb theme_builder_area=\u00bbpost_content\u00bb]<\/p>\n<p>En el marco de una iniciativa promovida por el Ministerio de Educaci\u00f3n y la Superintendencia de Educaci\u00f3n, los establecimientos educacionales de la comuna de Penco llevaron a cabo una <strong>Jornada de Revisi\u00f3n del Reglamento de Convivencia Educativa y Reflexi\u00f3n sobre violencia de g\u00e9nero y discriminaci\u00f3n<\/strong>, con la participaci\u00f3n activa de toda la comunidad educativa.<\/p>\n<p>Durante la ma\u00f1ana del 16 de abril, estudiantes, docentes, directivos, apoderados y asistentes de la educaci\u00f3n se reunieron para analizar y ajustar sus reglamentos internos, con el objetivo de dar respuesta a las necesidades actuales en materia de convivencia escolar.<\/p>\n<p>La jornada se enmarc\u00f3 en el calendario escolar 2025, el cual establece momentos de reflexi\u00f3n colectiva en torno a la sana convivencia, el resguardo de derechos y la protecci\u00f3n de trayectorias educativas. Esta instancia permiti\u00f3 a las comunidades revisar sus protocolos de violencia y maltrato, promoviendo un enfoque participativo y democr\u00e1tico en la construcci\u00f3n de sus normativas internas.<\/p>\n<p>Desde el Departamento de Educaci\u00f3n Municipal de Penco destacaron la importancia de esta iniciativa: \u201cEstas jornadas son clave para fortalecer el liderazgo pedag\u00f3gico con enfoque de derechos, adaptando nuestras herramientas de convivencia a los desaf\u00edos que enfrentan nuestros estudiantes hoy\u201d.<\/p>\n<p>El encuentro dej\u00f3 como resultado una serie de propuestas y ajustes al reglamento de convivencia, reafirmando el compromiso de la comunidad educativa con la construcci\u00f3n de espacios seguros, inclusivos y respetuosos para todas y todos.<\/p>\n<p>[\/et_pb_text][\/et_pb_column][\/et_pb_row][\/et_pb_section]<\/p>\n","protected":false},"excerpt":{"rendered":"<p>En el marco de una iniciativa promovida por el Ministerio de Educaci\u00f3n y la Superintendencia de Educaci\u00f3n, los establecimientos educacionales de la comuna de Penco llevaron a cabo una Jornada de Revisi\u00f3n del Reglamento de Convivencia Educativa y Reflexi\u00f3n sobre violencia de g\u00e9nero y discriminaci\u00f3n, con la participaci\u00f3n activa de toda la comunidad educativa. Durante [&hellip;]<\/p>\n","protected":false},"author":1,"featured_media":565,"comment_status":"open","ping_status":"open","sticky":false,"template":"","format":"standard","meta":{"_et_pb_use_builder":"on","_et_pb_old_content":"","_et_gb_content_width":"","footnotes":""},"categories":[10],"tags":[],"class_list":["post-558","post","type-post","status-publish","format-standard","has-post-thumbnail","hentry","category-noticias"],"_links":{"self":[{"href":"https:\/\/educapenco.cl\/dem\/wp-json\/wp\/v2\/posts\/558","targetHints":{"allow":["GET"]}}],"collection":[{"href":"https:\/\/educapenco.cl\/dem\/wp-json\/wp\/v2\/posts"}],"about":[{"href":"https:\/\/educapenco.cl\/dem\/wp-json\/wp\/v2\/types\/post"}],"author":[{"embeddable":true,"href":"https:\/\/educapenco.cl\/dem\/wp-json\/wp\/v2\/users\/1"}],"replies":[{"embeddable":true,"href":"https:\/\/educapenco.cl\/dem\/wp-json\/wp\/v2\/comments?post=558"}],"version-history":[{"count":3,"href":"https:\/\/educapenco.cl\/dem\/wp-json\/wp\/v2\/posts\/558\/revisions"}],"predecessor-version":[{"id":563,"href":"https:\/\/educapenco.cl\/dem\/wp-json\/wp\/v2\/posts\/558\/revisions\/563"}],"wp:featuredmedia":[{"embeddable":true,"href":"https:\/\/educapenco.cl\/dem\/wp-json\/wp\/v2\/media\/565"}],"wp:attachment":[{"href":"https:\/\/educapenco.cl\/dem\/wp-json\/wp\/v2\/media?parent=558"}],"wp:term":[{"taxonomy":"category","embeddable":true,"href":"https:\/\/educapenco.cl\/dem\/wp-json\/wp\/v2\/categories?post=558"},{"taxonomy":"post_tag","embeddable":true,"href":"https:\/\/educapenco.cl\/dem\/wp-json\/wp\/v2\/tags?post=558"}],"curies":[{"name":"wp","href":"https:\/\/api.w.org\/{rel}","templated":true}]}}