{"id":675,"date":"2025-05-27T15:58:59","date_gmt":"2025-05-27T13:58:59","guid":{"rendered":"https:\/\/educapenco.cl\/dem\/?p=675"},"modified":"2025-05-27T16:15:26","modified_gmt":"2025-05-27T14:15:26","slug":"brillante-participacion-del-mundo-educativo-en-el-desfile-de-glorias-navales-2025","status":"publish","type":"post","link":"https:\/\/educapenco.cl\/dem\/brillante-participacion-del-mundo-educativo-en-el-desfile-de-glorias-navales-2025","title":{"rendered":"Brillante Participaci\u00f3n del Mundo Educativo en el Desfile de Glorias Navales 2025"},"content":{"rendered":"<p>[et_pb_section fb_built=\u00bb1&#8243; theme_builder_area=\u00bbpost_content\u00bb _builder_version=\u00bb4.27.4&#8243; _module_preset=\u00bbdefault\u00bb][et_pb_row _builder_version=\u00bb4.27.4&#8243; _module_preset=\u00bbdefault\u00bb width=\u00bb88%\u00bb module_alignment=\u00bbleft\u00bb global_colors_info=\u00bb{}\u00bb theme_builder_area=\u00bbpost_content\u00bb][et_pb_column type=\u00bb4_4&#8243; _builder_version=\u00bb4.27.4&#8243; _module_preset=\u00bbdefault\u00bb global_colors_info=\u00bb{}\u00bb theme_builder_area=\u00bbpost_content\u00bb][et_pb_text _builder_version=\u00bb4.27.4&#8243; _module_preset=\u00bbdefault\u00bb text_font=\u00bbVarela Round||||||||\u00bb text_font_size=\u00bb18px\u00bb text_line_height=\u00bb1.3em\u00bb text_orientation=\u00bbjustified\u00bb global_colors_info=\u00bb{}\u00bb theme_builder_area=\u00bbpost_content\u00bb]<\/p>\n<p>En la <strong>Plaza Los Conquistadores de Penco<\/strong> se llev\u00f3 a cabo con solemnidad y sentido patri\u00f3tico el <strong>Desfile en Conmemoraci\u00f3n de las Glorias Navales 2025<\/strong>, en homenaje al hero\u00edsmo demostrado en el Combate Naval de Iquique y la Guerra del Pac\u00edfico.<\/p>\n<p><strong>M\u00e1s de mil personas desfilaron<\/strong> en representaci\u00f3n de la Armada de Chile, Bomberos, organizaciones sociales y del mundo educativo, destacando la impecable presentaci\u00f3n de <strong>establecimientos municipales<\/strong>, <strong>subvencionados y jardines infantiles<\/strong>, que dieron muestra de organizaci\u00f3n, compromiso y esp\u00edritu c\u00edvico.<\/p>\n<p>Uno de los momentos emotivos estuvo a cargo del <strong>Liceo R\u00edos de Chile<\/strong>, cuya Orquesta Escolar brind\u00f3 una notable intervenci\u00f3n musical que dio realce al acto. Adem\u00e1s, los m\u00e1s peque\u00f1os del nivel pre b\u00e1sico del mismo establecimiento, ofrecieron una conmovedora representaci\u00f3n art\u00edstica que fue aplaudida por el p\u00fablico presente.<\/p>\n<p>Desde el <strong>Departamento de Educaci\u00f3n Municipal<\/strong> agradecemos y felicitamos a cada comunidad educativa que fue parte de esta significativa ceremonia, reafirmando el compromiso de nuestros establecimientos con la formaci\u00f3n c\u00edvica y el respeto por nuestra historia.<\/p>\n<p>[\/et_pb_text][\/et_pb_column][\/et_pb_row][\/et_pb_section]<\/p>\n","protected":false},"excerpt":{"rendered":"<p>En la Plaza Los Conquistadores de Penco se llev\u00f3 a cabo con solemnidad y sentido patri\u00f3tico el Desfile en Conmemoraci\u00f3n de las Glorias Navales 2025, en homenaje al hero\u00edsmo demostrado en el Combate Naval de Iquique y la Guerra del Pac\u00edfico. M\u00e1s de mil personas desfilaron en representaci\u00f3n de la Armada de Chile, Bomberos, organizaciones [&hellip;]<\/p>\n","protected":false},"author":1,"featured_media":680,"comment_status":"open","ping_status":"open","sticky":false,"template":"","format":"standard","meta":{"_et_pb_use_builder":"on","_et_pb_old_content":"","_et_gb_content_width":"","footnotes":""},"categories":[10],"tags":[],"class_list":["post-675","post","type-post","status-publish","format-standard","has-post-thumbnail","hentry","category-noticias"],"_links":{"self":[{"href":"https:\/\/educapenco.cl\/dem\/wp-json\/wp\/v2\/posts\/675","targetHints":{"allow":["GET"]}}],"collection":[{"href":"https:\/\/educapenco.cl\/dem\/wp-json\/wp\/v2\/posts"}],"about":[{"href":"https:\/\/educapenco.cl\/dem\/wp-json\/wp\/v2\/types\/post"}],"author":[{"embeddable":true,"href":"https:\/\/educapenco.cl\/dem\/wp-json\/wp\/v2\/users\/1"}],"replies":[{"embeddable":true,"href":"https:\/\/educapenco.cl\/dem\/wp-json\/wp\/v2\/comments?post=675"}],"version-history":[{"count":2,"href":"https:\/\/educapenco.cl\/dem\/wp-json\/wp\/v2\/posts\/675\/revisions"}],"predecessor-version":[{"id":678,"href":"https:\/\/educapenco.cl\/dem\/wp-json\/wp\/v2\/posts\/675\/revisions\/678"}],"wp:featuredmedia":[{"embeddable":true,"href":"https:\/\/educapenco.cl\/dem\/wp-json\/wp\/v2\/media\/680"}],"wp:attachment":[{"href":"https:\/\/educapenco.cl\/dem\/wp-json\/wp\/v2\/media?parent=675"}],"wp:term":[{"taxonomy":"category","embeddable":true,"href":"https:\/\/educapenco.cl\/dem\/wp-json\/wp\/v2\/categories?post=675"},{"taxonomy":"post_tag","embeddable":true,"href":"https:\/\/educapenco.cl\/dem\/wp-json\/wp\/v2\/tags?post=675"}],"curies":[{"name":"wp","href":"https:\/\/api.w.org\/{rel}","templated":true}]}}