{"id":683,"date":"2025-05-30T17:55:28","date_gmt":"2025-05-30T15:55:28","guid":{"rendered":"https:\/\/educapenco.cl\/dem\/?p=683"},"modified":"2025-05-30T18:36:26","modified_gmt":"2025-05-30T16:36:26","slug":"la-armada-de-chile-visita-a-la-escuela-isla-de-pascua-con-jornada-educativa-y-musical","status":"publish","type":"post","link":"https:\/\/educapenco.cl\/dem\/la-armada-de-chile-visita-a-la-escuela-isla-de-pascua-con-jornada-educativa-y-musical","title":{"rendered":"La Armada de Chile visita a la Escuela Isla de Pascua con jornada educativa y musical"},"content":{"rendered":"<p>[et_pb_section fb_built=\u00bb1&#8243; theme_builder_area=\u00bbpost_content\u00bb _builder_version=\u00bb4.27.4&#8243; _module_preset=\u00bbdefault\u00bb][et_pb_row _builder_version=\u00bb4.27.4&#8243; _module_preset=\u00bbdefault\u00bb width=\u00bb88%\u00bb module_alignment=\u00bbleft\u00bb global_colors_info=\u00bb{}\u00bb theme_builder_area=\u00bbpost_content\u00bb][et_pb_column type=\u00bb4_4&#8243; _builder_version=\u00bb4.27.4&#8243; _module_preset=\u00bbdefault\u00bb global_colors_info=\u00bb{}\u00bb theme_builder_area=\u00bbpost_content\u00bb][et_pb_text _builder_version=\u00bb4.27.4&#8243; _module_preset=\u00bbdefault\u00bb text_font=\u00bbVarela Round||||||||\u00bb text_font_size=\u00bb18px\u00bb text_line_height=\u00bb1.3em\u00bb text_orientation=\u00bbjustified\u00bb hover_enabled=\u00bb0&#8243; global_colors_info=\u00bb{}\u00bb theme_builder_area=\u00bbpost_content\u00bb sticky_enabled=\u00bb0&#8243; inline_fonts=\u00bbVarela Round\u00bb]<\/p>\n<p data-start=\"402\" data-end=\"722\">En una jornada llena de aprendizaje, valores y emociones, la <strong data-start=\"486\" data-end=\"505\">Armada de Chile<\/strong> visit\u00f3 esta semana la <strong data-start=\"528\" data-end=\"554\">Escuela Isla de Pascua<\/strong> en nuestra comuna, en el marco de una actividad educativa orientada a fortalecer el v\u00ednculo entre los estudiantes y el entorno mar\u00edtimo que caracteriza a nuestro pa\u00eds.<\/p>\n<p data-start=\"724\" data-end=\"999\">La actividad principal consisti\u00f3 en una charla dictada por la <strong data-start=\"786\" data-end=\"822\">Teniente Primero LT Nicole Gonz\u00e1lez<\/strong>, ex alumna del establecimiento, quien comparti\u00f3 con estudiantes de 1\u00b0 a 5\u00b0 b\u00e1sico una presentaci\u00f3n sobre <strong data-start=\"928\" data-end=\"951\">conciencia mar\u00edtima<\/strong>, limpieza de playas y protocolos de emergencia.<\/p>\n<h3 data-start=\"1001\" data-end=\"1036\" style=\"text-align: center;\"><span style=\"font-family: 'Varela Round'; font-weight: normal; font-size: xx-large;\">\u00bfQu\u00e9 es la conciencia mar\u00edtima?<\/span><\/h3>\n<p data-start=\"1038\" data-end=\"1446\">Durante la exposici\u00f3n, se explic\u00f3 que la <strong data-start=\"1079\" data-end=\"1102\">conciencia mar\u00edtima<\/strong> consiste en comprender la importancia del mar como fuente de vida, medio de transporte, recurso natural y espacio de identidad para Chile. Esta conciencia busca fomentar el respeto y cuidado del oc\u00e9ano, promover buenas pr\u00e1cticas como no arrojar basura en las playas, y comprender el rol estrat\u00e9gico que cumple el mar en el desarrollo del pa\u00eds.<\/p>\n<p data-start=\"1448\" data-end=\"1700\">La Teniente Primero LT Nicole Gonz\u00e1lez motiv\u00f3 a los estudiantes a asumir un rol activo en el cuidado del medioambiente y destac\u00f3 c\u00f3mo desde peque\u00f1os gestos, como no dejar residuos en la arena, se puede contribuir significativamente a la protecci\u00f3n del ecosistema marino.<\/p>\n<h3 data-start=\"1702\" data-end=\"1738\" style=\"text-align: center;\"><span style=\"font-family: 'Varela Round'; font-weight: normal; font-size: xx-large;\">M\u00fasica, tecnolog\u00eda y aprendizaje<\/span><\/h3>\n<p data-start=\"1740\" data-end=\"1995\">La jornada tambi\u00e9n incluy\u00f3 una destacada presentaci\u00f3n de la <strong data-start=\"1800\" data-end=\"1832\">banda de guerra de la Armada<\/strong>, quienes ofrecieron un repertorio musical que fue recibido con entusiasmo por los m\u00e1s peque\u00f1os, transformando la escuela en un espacio de alegr\u00eda y orgullo.<\/p>\n<p data-start=\"1997\" data-end=\"2293\">Por su parte, los estudiantes de 7\u00b0 y 8\u00b0 b\u00e1sico vivieron una experiencia distinta: gracias al uso de <strong data-start=\"2098\" data-end=\"2118\">realidad virtual<\/strong>, pudieron conocer de manera inmersiva las diversas labores que cumple la Armada de Chile, desde operaciones mar\u00edtimas hasta tareas de rescate y protecci\u00f3n de nuestras costas.<\/p>\n<h4 data-start=\"2295\" data-end=\"2321\" style=\"text-align: center;\"><span style=\"font-family: 'Varela Round'; font-weight: normal; font-size: xx-large;\">Un v\u00ednculo que inspira<\/span><\/h4>\n<p data-start=\"2323\" data-end=\"2572\">Desde el Departamento de Educaci\u00f3n Municipal de Penco destacamos y agradecemos esta valiosa iniciativa, que no solo refuerza contenidos curriculares, sino que tambi\u00e9n motiva a los estudiantes a so\u00f1ar en grande y sentirse parte activa de la sociedad.<\/p>\n<p data-start=\"2825\" data-end=\"3037\">Esta actividad forma parte del compromiso del DEM de Penco por ofrecer experiencias educativas integrales, significativas y alineadas con los valores de ciudadan\u00eda, cuidado del entorno y formaci\u00f3n para el futuro.<\/p>\n<p>[\/et_pb_text][\/et_pb_column][\/et_pb_row][\/et_pb_section]<\/p>\n","protected":false},"excerpt":{"rendered":"<p>En una jornada llena de aprendizaje, valores y emociones, la Armada de Chile visit\u00f3 esta semana la Escuela Isla de Pascua en nuestra comuna, en el marco de una actividad educativa orientada a fortalecer el v\u00ednculo entre los estudiantes y el entorno mar\u00edtimo que caracteriza a nuestro pa\u00eds. La actividad principal consisti\u00f3 en una charla [&hellip;]<\/p>\n","protected":false},"author":1,"featured_media":687,"comment_status":"open","ping_status":"open","sticky":false,"template":"","format":"standard","meta":{"_et_pb_use_builder":"on","_et_pb_old_content":"","_et_gb_content_width":"","footnotes":""},"categories":[10],"tags":[],"class_list":["post-683","post","type-post","status-publish","format-standard","has-post-thumbnail","hentry","category-noticias"],"_links":{"self":[{"href":"https:\/\/educapenco.cl\/dem\/wp-json\/wp\/v2\/posts\/683","targetHints":{"allow":["GET"]}}],"collection":[{"href":"https:\/\/educapenco.cl\/dem\/wp-json\/wp\/v2\/posts"}],"about":[{"href":"https:\/\/educapenco.cl\/dem\/wp-json\/wp\/v2\/types\/post"}],"author":[{"embeddable":true,"href":"https:\/\/educapenco.cl\/dem\/wp-json\/wp\/v2\/users\/1"}],"replies":[{"embeddable":true,"href":"https:\/\/educapenco.cl\/dem\/wp-json\/wp\/v2\/comments?post=683"}],"version-history":[{"count":3,"href":"https:\/\/educapenco.cl\/dem\/wp-json\/wp\/v2\/posts\/683\/revisions"}],"predecessor-version":[{"id":688,"href":"https:\/\/educapenco.cl\/dem\/wp-json\/wp\/v2\/posts\/683\/revisions\/688"}],"wp:featuredmedia":[{"embeddable":true,"href":"https:\/\/educapenco.cl\/dem\/wp-json\/wp\/v2\/media\/687"}],"wp:attachment":[{"href":"https:\/\/educapenco.cl\/dem\/wp-json\/wp\/v2\/media?parent=683"}],"wp:term":[{"taxonomy":"category","embeddable":true,"href":"https:\/\/educapenco.cl\/dem\/wp-json\/wp\/v2\/categories?post=683"},{"taxonomy":"post_tag","embeddable":true,"href":"https:\/\/educapenco.cl\/dem\/wp-json\/wp\/v2\/tags?post=683"}],"curies":[{"name":"wp","href":"https:\/\/api.w.org\/{rel}","templated":true}]}}