{"id":691,"date":"2025-06-11T15:21:23","date_gmt":"2025-06-11T13:21:23","guid":{"rendered":"https:\/\/educapenco.cl\/dem\/?p=691"},"modified":"2025-06-11T15:26:04","modified_gmt":"2025-06-11T13:26:04","slug":"exitosa-gala-de-gimnasia-y-deporte-promueve-la-vida-activa-en-comunidad-escolar-de-penco","status":"publish","type":"post","link":"https:\/\/educapenco.cl\/dem\/exitosa-gala-de-gimnasia-y-deporte-promueve-la-vida-activa-en-comunidad-escolar-de-penco","title":{"rendered":"Exitosa Gala de Gimnasia y Deporte Promueve la Vida Activa en Comunidad Escolar de Penco"},"content":{"rendered":"<p>[et_pb_section fb_built=\u00bb1&#8243; theme_builder_area=\u00bbpost_content\u00bb _builder_version=\u00bb4.27.4&#8243; _module_preset=\u00bbdefault\u00bb][et_pb_row _builder_version=\u00bb4.27.4&#8243; _module_preset=\u00bbdefault\u00bb width=\u00bb88%\u00bb module_alignment=\u00bbleft\u00bb global_colors_info=\u00bb{}\u00bb theme_builder_area=\u00bbpost_content\u00bb][et_pb_column type=\u00bb4_4&#8243; _builder_version=\u00bb4.27.4&#8243; _module_preset=\u00bbdefault\u00bb global_colors_info=\u00bb{}\u00bb theme_builder_area=\u00bbpost_content\u00bb][et_pb_text _builder_version=\u00bb4.27.4&#8243; _module_preset=\u00bbdefault\u00bb text_font=\u00bbVarela Round||||||||\u00bb text_font_size=\u00bb18px\u00bb text_line_height=\u00bb1.3em\u00bb text_orientation=\u00bbjustified\u00bb global_colors_info=\u00bb{}\u00bb theme_builder_area=\u00bbpost_content\u00bb]<\/p>\n<p>Con entusiasmo y gran participaci\u00f3n se llev\u00f3 a cabo la \u201cGala de Gimnasia y Deporte\u201d, una actividad organizada por la Escuela Los Conquistadores en el Gimnasio Municipal de Penco.<\/p>\n<p>&nbsp;<\/p>\n<p>El evento cont\u00f3 con la asistencia de 456 estudiantes y apoderados, quienes se dieron cita a las 11:00 horas para disfrutar de una jornada dedicada a promover el deporte, la actividad f\u00edsica y los h\u00e1bitos de vida saludable.<\/p>\n<p>&nbsp;<\/p>\n<p>Durante la gala, se presentaron 12 n\u00fameros deportivos y art\u00edsticos en los que participaron todos los estudiantes del establecimiento, en un formato inclusivo y participativo. Las rutinas coreogr\u00e1ficas y de destreza f\u00edsica reflejaron el compromiso de la comunidad educativa con el fomento del movimiento, la expresi\u00f3n corporal y el bienestar integral de los ni\u00f1os y ni\u00f1as.<\/p>\n<p>El objetivo principal de esta iniciativa fue incentivar el inter\u00e9s por la actividad f\u00edsica desde temprana edad, reforzando el rol de la escuela como espacio promotor de salud y convivencia positiva.<\/p>\n<p>&nbsp;<\/p>\n<p>Desde el Departamento de Educaci\u00f3n Municipal de Penco se destac\u00f3 el compromiso del equipo docente y la colaboraci\u00f3n activa de las familias, elementos claves para el \u00e9xito de esta jornada.<\/p>\n<p>&nbsp;<\/p>\n<p><strong>\u201cEstas instancias son fundamentales para fortalecer los lazos entre escuela y comunidad, as\u00ed como para fomentar estilos de vida saludables desde la infancia\u201d<\/strong><\/p>\n<p>[\/et_pb_text][\/et_pb_column][\/et_pb_row][\/et_pb_section]<\/p>\n","protected":false},"excerpt":{"rendered":"<p>Con entusiasmo y gran participaci\u00f3n se llev\u00f3 a cabo la \u201cGala de Gimnasia y Deporte\u201d, una actividad organizada por la Escuela Los Conquistadores en el Gimnasio Municipal de Penco. &nbsp; El evento cont\u00f3 con la asistencia de 456 estudiantes y apoderados, quienes se dieron cita a las 11:00 horas para disfrutar de una jornada dedicada [&hellip;]<\/p>\n","protected":false},"author":1,"featured_media":694,"comment_status":"open","ping_status":"open","sticky":false,"template":"","format":"standard","meta":{"_et_pb_use_builder":"on","_et_pb_old_content":"","_et_gb_content_width":"","footnotes":""},"categories":[10],"tags":[],"class_list":["post-691","post","type-post","status-publish","format-standard","has-post-thumbnail","hentry","category-noticias"],"_links":{"self":[{"href":"https:\/\/educapenco.cl\/dem\/wp-json\/wp\/v2\/posts\/691","targetHints":{"allow":["GET"]}}],"collection":[{"href":"https:\/\/educapenco.cl\/dem\/wp-json\/wp\/v2\/posts"}],"about":[{"href":"https:\/\/educapenco.cl\/dem\/wp-json\/wp\/v2\/types\/post"}],"author":[{"embeddable":true,"href":"https:\/\/educapenco.cl\/dem\/wp-json\/wp\/v2\/users\/1"}],"replies":[{"embeddable":true,"href":"https:\/\/educapenco.cl\/dem\/wp-json\/wp\/v2\/comments?post=691"}],"version-history":[{"count":2,"href":"https:\/\/educapenco.cl\/dem\/wp-json\/wp\/v2\/posts\/691\/revisions"}],"predecessor-version":[{"id":693,"href":"https:\/\/educapenco.cl\/dem\/wp-json\/wp\/v2\/posts\/691\/revisions\/693"}],"wp:featuredmedia":[{"embeddable":true,"href":"https:\/\/educapenco.cl\/dem\/wp-json\/wp\/v2\/media\/694"}],"wp:attachment":[{"href":"https:\/\/educapenco.cl\/dem\/wp-json\/wp\/v2\/media?parent=691"}],"wp:term":[{"taxonomy":"category","embeddable":true,"href":"https:\/\/educapenco.cl\/dem\/wp-json\/wp\/v2\/categories?post=691"},{"taxonomy":"post_tag","embeddable":true,"href":"https:\/\/educapenco.cl\/dem\/wp-json\/wp\/v2\/tags?post=691"}],"curies":[{"name":"wp","href":"https:\/\/api.w.org\/{rel}","templated":true}]}}