{"id":728,"date":"2025-07-11T21:20:36","date_gmt":"2025-07-11T19:20:36","guid":{"rendered":"https:\/\/educapenco.cl\/dem\/?p=728"},"modified":"2025-07-11T21:20:42","modified_gmt":"2025-07-11T19:20:42","slug":"estudiantes-de-penco-dan-vida-al-arte-en-el-encuentro-comunal-de-pintura-2025","status":"publish","type":"post","link":"https:\/\/educapenco.cl\/dem\/estudiantes-de-penco-dan-vida-al-arte-en-el-encuentro-comunal-de-pintura-2025","title":{"rendered":"Estudiantes de Penco dan vida al arte en el Encuentro Comunal de Pintura 2025"},"content":{"rendered":"<p>[et_pb_section fb_built=\u00bb1&#8243; theme_builder_area=\u00bbpost_content\u00bb _builder_version=\u00bb4.27.4&#8243; _module_preset=\u00bbdefault\u00bb][et_pb_row _builder_version=\u00bb4.27.4&#8243; _module_preset=\u00bbdefault\u00bb width=\u00bb88%\u00bb module_alignment=\u00bbleft\u00bb global_colors_info=\u00bb{}\u00bb theme_builder_area=\u00bbpost_content\u00bb][et_pb_column type=\u00bb4_4&#8243; _builder_version=\u00bb4.27.4&#8243; _module_preset=\u00bbdefault\u00bb global_colors_info=\u00bb{}\u00bb theme_builder_area=\u00bbpost_content\u00bb][et_pb_text _builder_version=\u00bb4.27.4&#8243; _module_preset=\u00bbdefault\u00bb text_font=\u00bbVarela Round||||||||\u00bb text_font_size=\u00bb18px\u00bb text_line_height=\u00bb1.3em\u00bb text_orientation=\u00bbjustified\u00bb global_colors_info=\u00bb{}\u00bb theme_builder_area=\u00bbpost_content\u00bb]<\/p>\n<p>Con la presencia del alcalde de Penco, Rodrigo Vera Riquelme; directores de establecimientos educacionales, docentes, estudiantes y apoderados, se realiz\u00f3 con gran entusiasmo el Encuentro Comunal de Pintura 2025, una jornada art\u00edstica dedicada a fortalecer la educaci\u00f3n p\u00fablica a trav\u00e9s de la expresi\u00f3n creativa.<\/p>\n<p>&nbsp;<\/p>\n<p>Este evento, enmarcado dentro de las iniciativas estrat\u00e9gicas del \u00e1rea curricular art\u00edstica, reuni\u00f3 a estudiantes desde el nivel preescolar hasta ense\u00f1anza media, quienes plasmaron sus ideas y emociones en diversas tem\u00e1ticas relacionadas con el bienestar f\u00edsico y emocional.<\/p>\n<p>&nbsp;<\/p>\n<p><strong>Las tem\u00e1ticas abordadas por los participantes fueron:<\/strong><\/p>\n<p>&nbsp;<\/p>\n<p><strong>\u00abPintando nuestras emociones\u00bb<\/strong> (nivel preescolar)<\/p>\n<p>&nbsp;<\/p>\n<p><strong>\u00abActividad f\u00edsica, el juego y vida saludable\u00bb<\/strong> (1\u00b0 y 2\u00b0 b\u00e1sico)<\/p>\n<p>&nbsp;<\/p>\n<p><strong>\u00abAlimentaci\u00f3n saludable\u00bb<\/strong> (3\u00b0 y 4\u00b0 b\u00e1sico)<\/p>\n<p>&nbsp;<\/p>\n<p><strong>\u00abTabaquismo y sus consecuencias nocivas para la salud\u00bb<\/strong> (5\u00b0 a 8\u00b0 b\u00e1sico y ense\u00f1anza media)<\/p>\n<p>&nbsp;<\/p>\n<p>Durante la jornada, los estudiantes contaron con 45 minutos para crear sus obras en un ambiente c\u00f3modo y propicio para la creatividad. Posteriormente, un jurado compuesto por Loreto Montalba, Claudia Chand\u00eda, Juan Carlos Aguayo y Myrna Aguayo, tuvo la misi\u00f3n de evaluar los trabajos seg\u00fan criterios como creatividad, colorido, originalidad, presentaci\u00f3n y t\u00e9cnica adecuada al nivel.<\/p>\n<p>&nbsp;<\/p>\n<p>La jornada tambi\u00e9n contempl\u00f3 una pausa activa liderada por el profesor de Educaci\u00f3n F\u00edsica Jaime G\u00e1tica Garc\u00eda, junto con la entrega de refrigerios para los asistentes.<\/p>\n<p>&nbsp;<\/p>\n<p>Como cierre, se realiz\u00f3 una emotiva ceremonia de distinci\u00f3n a los estudiantes seleccionados por nivel, quienes representar\u00e1n a la comuna en el pr\u00f3ximo concurso provincial de pintura que se realizar\u00e1 en octubre de este a\u00f1o.<\/p>\n<p>&nbsp;<\/p>\n<p>El Departamento de Educaci\u00f3n de Penco agradeci\u00f3 la participaci\u00f3n de cada uno de los asistentes, destacando el compromiso de las comunidades educativas con el desarrollo art\u00edstico y formativo de sus estudiantes.<\/p>\n<p>[\/et_pb_text][\/et_pb_column][\/et_pb_row][\/et_pb_section]<\/p>\n","protected":false},"excerpt":{"rendered":"<p>Con la presencia del alcalde de Penco, Rodrigo Vera Riquelme; directores de establecimientos educacionales, docentes, estudiantes y apoderados, se realiz\u00f3 con gran entusiasmo el Encuentro Comunal de Pintura 2025, una jornada art\u00edstica dedicada a fortalecer la educaci\u00f3n p\u00fablica a trav\u00e9s de la expresi\u00f3n creativa. &nbsp; Este evento, enmarcado dentro de las iniciativas estrat\u00e9gicas del \u00e1rea [&hellip;]<\/p>\n","protected":false},"author":1,"featured_media":731,"comment_status":"open","ping_status":"open","sticky":false,"template":"","format":"standard","meta":{"_et_pb_use_builder":"on","_et_pb_old_content":"","_et_gb_content_width":"","footnotes":""},"categories":[10],"tags":[],"class_list":["post-728","post","type-post","status-publish","format-standard","has-post-thumbnail","hentry","category-noticias"],"_links":{"self":[{"href":"https:\/\/educapenco.cl\/dem\/wp-json\/wp\/v2\/posts\/728","targetHints":{"allow":["GET"]}}],"collection":[{"href":"https:\/\/educapenco.cl\/dem\/wp-json\/wp\/v2\/posts"}],"about":[{"href":"https:\/\/educapenco.cl\/dem\/wp-json\/wp\/v2\/types\/post"}],"author":[{"embeddable":true,"href":"https:\/\/educapenco.cl\/dem\/wp-json\/wp\/v2\/users\/1"}],"replies":[{"embeddable":true,"href":"https:\/\/educapenco.cl\/dem\/wp-json\/wp\/v2\/comments?post=728"}],"version-history":[{"count":2,"href":"https:\/\/educapenco.cl\/dem\/wp-json\/wp\/v2\/posts\/728\/revisions"}],"predecessor-version":[{"id":732,"href":"https:\/\/educapenco.cl\/dem\/wp-json\/wp\/v2\/posts\/728\/revisions\/732"}],"wp:featuredmedia":[{"embeddable":true,"href":"https:\/\/educapenco.cl\/dem\/wp-json\/wp\/v2\/media\/731"}],"wp:attachment":[{"href":"https:\/\/educapenco.cl\/dem\/wp-json\/wp\/v2\/media?parent=728"}],"wp:term":[{"taxonomy":"category","embeddable":true,"href":"https:\/\/educapenco.cl\/dem\/wp-json\/wp\/v2\/categories?post=728"},{"taxonomy":"post_tag","embeddable":true,"href":"https:\/\/educapenco.cl\/dem\/wp-json\/wp\/v2\/tags?post=728"}],"curies":[{"name":"wp","href":"https:\/\/api.w.org\/{rel}","templated":true}]}}