{"id":750,"date":"2025-07-25T18:05:03","date_gmt":"2025-07-25T16:05:03","guid":{"rendered":"https:\/\/educapenco.cl\/dem\/?p=750"},"modified":"2025-07-25T18:19:19","modified_gmt":"2025-07-25T16:19:19","slug":"comienza-el-registro-anticipado-para-el-sistema-de-admision-escolar-2026","status":"publish","type":"post","link":"https:\/\/educapenco.cl\/dem\/comienza-el-registro-anticipado-para-el-sistema-de-admision-escolar-2026","title":{"rendered":"\u00a1COMIENZA EL REGISTRO ANTICIPADO PARA EL SISTEMA DE ADMISI\u00d3N ESCOLAR 2026!"},"content":{"rendered":"<p>[et_pb_section fb_built=\u00bb1&#8243; _builder_version=\u00bb4.27.4&#8243; _module_preset=\u00bbdefault\u00bb global_colors_info=\u00bb{}\u00bb][et_pb_row _builder_version=\u00bb4.27.4&#8243; _module_preset=\u00bbdefault\u00bb width=\u00bb88%\u00bb module_alignment=\u00bbleft\u00bb global_colors_info=\u00bb{}\u00bb][et_pb_column type=\u00bb4_4&#8243; _builder_version=\u00bb4.27.4&#8243; _module_preset=\u00bbdefault\u00bb global_colors_info=\u00bb{}\u00bb][et_pb_text _builder_version=\u00bb4.27.4&#8243; _module_preset=\u00bbdefault\u00bb text_font=\u00bbVarela Round||||||||\u00bb text_font_size=\u00bb18px\u00bb text_line_height=\u00bb1.3em\u00bb text_orientation=\u00bbjustified\u00bb hover_enabled=\u00bb0&#8243; global_colors_info=\u00bb{}\u00bb sticky_enabled=\u00bb0&#8243;]<\/p>\n<p>Desde el 22 de julio, las familias ya pueden prepararse para el proceso de postulaci\u00f3n al Sistema de Admisi\u00f3n Escolar (SAE) 2026 a trav\u00e9s del sitio web oficial <strong>www.sistemadeadmisionescolar.cl<\/strong><\/p>\n<p>&nbsp;<\/p>\n<p>Este registro anticipado es una herramienta que facilita el proceso a madres, padres y apoderados, ya que permite:<\/p>\n<p>&nbsp;<\/p>\n<ul>\n<li>Registrar sus datos como apoderados\/as.<\/li>\n<li>Ingresar el RUT de su hija o hijo para dejar lista la informaci\u00f3n necesaria.<\/li>\n<li>Explorar con calma la oferta educativa disponible antes de que comience la postulaci\u00f3n.<\/li>\n<\/ul>\n<p>&nbsp;<\/p>\n<p>&nbsp;<\/p>\n<p><strong>Fechas importantes que debes recordar:<\/strong><\/p>\n<ul>\n<li>Registro anticipado: disponible desde el 22 de julio<\/li>\n<li>Postulaci\u00f3n oficial: del 5 al 28 de agosto de 2025<\/li>\n<\/ul>\n<p>&nbsp;<\/p>\n<p>Dato importante: <strong>No hay diferencia entre postular el primer o \u00faltimo d\u00eda del proceso.<\/strong> Todas las postulaciones realizadas dentro del plazo tienen las mismas oportunidades.<\/p>\n<p>&nbsp;<\/p>\n<p>&nbsp;<\/p>\n<p><strong>\u00bf<\/strong><strong>Por qu<\/strong><strong>\u00e9<\/strong><strong> hacer el registro anticipado?<\/strong><\/p>\n<ul>\n<li>Te permitir\u00e1 ahorrar tiempo cuando comience la postulaci\u00f3n oficial.<\/li>\n<li>Tendr\u00e1s m\u00e1s tranquilidad para revisar con calma los establecimientos disponibles.<\/li>\n<li>Podr\u00e1s organizarte mejor para tomar una decisi\u00f3n informada.<\/li>\n<\/ul>\n<p>&nbsp;<\/p>\n<p>Ingresa ahora a <strong>www.sistemadeadmisionescolar.cl<\/strong> y adelanta este importante paso para el futuro educativo de tus hijos e hijas.<\/p>\n<p>[\/et_pb_text][\/et_pb_column][\/et_pb_row][\/et_pb_section]<\/p>\n","protected":false},"excerpt":{"rendered":"<p>Desde el 22 de julio, las familias ya pueden prepararse para el proceso de postulaci\u00f3n al Sistema de Admisi\u00f3n Escolar (SAE) 2026 a trav\u00e9s del sitio web oficial www.sistemadeadmisionescolar.cl &nbsp; Este registro anticipado es una herramienta que facilita el proceso a madres, padres y apoderados, ya que permite: &nbsp; Registrar sus datos como apoderados\/as. Ingresar [&hellip;]<\/p>\n","protected":false},"author":1,"featured_media":736,"comment_status":"open","ping_status":"open","sticky":false,"template":"","format":"standard","meta":{"_et_pb_use_builder":"on","_et_pb_old_content":"","_et_gb_content_width":"","footnotes":""},"categories":[10],"tags":[],"class_list":["post-750","post","type-post","status-publish","format-standard","has-post-thumbnail","hentry","category-noticias"],"_links":{"self":[{"href":"https:\/\/educapenco.cl\/dem\/wp-json\/wp\/v2\/posts\/750","targetHints":{"allow":["GET"]}}],"collection":[{"href":"https:\/\/educapenco.cl\/dem\/wp-json\/wp\/v2\/posts"}],"about":[{"href":"https:\/\/educapenco.cl\/dem\/wp-json\/wp\/v2\/types\/post"}],"author":[{"embeddable":true,"href":"https:\/\/educapenco.cl\/dem\/wp-json\/wp\/v2\/users\/1"}],"replies":[{"embeddable":true,"href":"https:\/\/educapenco.cl\/dem\/wp-json\/wp\/v2\/comments?post=750"}],"version-history":[{"count":5,"href":"https:\/\/educapenco.cl\/dem\/wp-json\/wp\/v2\/posts\/750\/revisions"}],"predecessor-version":[{"id":757,"href":"https:\/\/educapenco.cl\/dem\/wp-json\/wp\/v2\/posts\/750\/revisions\/757"}],"wp:featuredmedia":[{"embeddable":true,"href":"https:\/\/educapenco.cl\/dem\/wp-json\/wp\/v2\/media\/736"}],"wp:attachment":[{"href":"https:\/\/educapenco.cl\/dem\/wp-json\/wp\/v2\/media?parent=750"}],"wp:term":[{"taxonomy":"category","embeddable":true,"href":"https:\/\/educapenco.cl\/dem\/wp-json\/wp\/v2\/categories?post=750"},{"taxonomy":"post_tag","embeddable":true,"href":"https:\/\/educapenco.cl\/dem\/wp-json\/wp\/v2\/tags?post=750"}],"curies":[{"name":"wp","href":"https:\/\/api.w.org\/{rel}","templated":true}]}}