{"id":784,"date":"2025-09-05T16:00:38","date_gmt":"2025-09-05T14:00:38","guid":{"rendered":"https:\/\/educapenco.cl\/dem\/?p=784"},"modified":"2025-09-05T16:03:07","modified_gmt":"2025-09-05T14:03:07","slug":"alumnos-de-penco-participan-en-encuentro-comunal-de-cueca-escolar-2025","status":"publish","type":"post","link":"https:\/\/educapenco.cl\/dem\/alumnos-de-penco-participan-en-encuentro-comunal-de-cueca-escolar-2025","title":{"rendered":"Alumnos de Penco participan en Encuentro Comunal de Cueca Escolar 2025"},"content":{"rendered":"<p>[et_pb_section fb_built=\u00bb1&#8243; theme_builder_area=\u00bbpost_content\u00bb _builder_version=\u00bb4.27.4&#8243; _module_preset=\u00bbdefault\u00bb][et_pb_row _builder_version=\u00bb4.27.4&#8243; _module_preset=\u00bbdefault\u00bb width=\u00bb88%\u00bb module_alignment=\u00bbleft\u00bb global_colors_info=\u00bb{}\u00bb theme_builder_area=\u00bbpost_content\u00bb][et_pb_column type=\u00bb4_4&#8243; _builder_version=\u00bb4.27.4&#8243; _module_preset=\u00bbdefault\u00bb global_colors_info=\u00bb{}\u00bb theme_builder_area=\u00bbpost_content\u00bb][et_pb_text _builder_version=\u00bb4.27.4&#8243; _module_preset=\u00bbdefault\u00bb text_font=\u00bbVarela Round||||||||\u00bb text_font_size=\u00bb18px\u00bb text_line_height=\u00bb1.3em\u00bb text_orientation=\u00bbjustified\u00bb hover_enabled=\u00bb0&#8243; global_colors_info=\u00bb{}\u00bb theme_builder_area=\u00bbpost_content\u00bb sticky_enabled=\u00bb0&#8243;]<\/p>\n<p><strong>Estudiantes de los 15 establecimientos educacionales de la comuna<\/strong>, mostraron todo su talento en el <strong>Encuentro Comunal de Cueca Escolar 2025<\/strong>.<\/p>\n<p>El pasado <strong>14 de agosto<\/strong> se desarroll\u00f3 a cabo esta actividad, en el Gimnasio Municipal de Penco, ocasi\u00f3n en que tanto alumnos como alumnas, dieron vida a una jornada llena de <strong>tradici\u00f3n, m\u00fasica y baile<\/strong>.<\/p>\n<p>Las parejas participantes compitieron en las categor\u00edas de <strong>educaci\u00f3n b\u00e1sica y media, en los estilos cueca huasa y cueca lugare\u00f1a<\/strong>, resaltando no s\u00f3lo sus habilidades art\u00edsticas, sino tambi\u00e9n el valor cultural de nuestro baile nacional.<\/p>\n<p>En un ambiente de respeto y alegr\u00eda, y con la presencia de la comunidad educativa, se llev\u00f3 a cabo la selecci\u00f3n de los representantes comunales que participar\u00e1n en la siguiente fase provincial. Tal como lo establecen las bases, la elecci\u00f3n se <strong>realiz\u00f3 de manera transparente mediante una t\u00f3mbola<\/strong>, en presencia de todos los asistentes, garantizando la igualdad de oportunidades para cada pareja participante.<\/p>\n<p><strong>El Departamento de Educaci\u00f3n Municipal de Penco<\/strong> destac\u00f3 la entusiasta participaci\u00f3n de estudiantes, familias, docentes y equipos directivos, quienes hicieron posible esta jornada que resalta las ra\u00edces y tradiciones de nuestro pa\u00eds.<\/p>\n<p>Con esta actividad, Penco reafirma su compromiso con la formaci\u00f3n integral de sus estudiantes, fomentando no solo el desarrollo acad\u00e9mico, sino tambi\u00e9n la identidad cultural y el orgullo por nuestras tradiciones.<\/p>\n<p>[\/et_pb_text][\/et_pb_column][\/et_pb_row][\/et_pb_section]<\/p>\n","protected":false},"excerpt":{"rendered":"<p>Estudiantes de los 15 establecimientos educacionales de la comuna, mostraron todo su talento en el Encuentro Comunal de Cueca Escolar 2025. El pasado 14 de agosto se desarroll\u00f3 a cabo esta actividad, en el Gimnasio Municipal de Penco, ocasi\u00f3n en que tanto alumnos como alumnas, dieron vida a una jornada llena de tradici\u00f3n, m\u00fasica y [&hellip;]<\/p>\n","protected":false},"author":2,"featured_media":788,"comment_status":"open","ping_status":"open","sticky":false,"template":"","format":"standard","meta":{"_et_pb_use_builder":"on","_et_pb_old_content":"","_et_gb_content_width":"","footnotes":""},"categories":[10,1],"tags":[],"class_list":["post-784","post","type-post","status-publish","format-standard","has-post-thumbnail","hentry","category-noticias","category-sin-categoria"],"_links":{"self":[{"href":"https:\/\/educapenco.cl\/dem\/wp-json\/wp\/v2\/posts\/784","targetHints":{"allow":["GET"]}}],"collection":[{"href":"https:\/\/educapenco.cl\/dem\/wp-json\/wp\/v2\/posts"}],"about":[{"href":"https:\/\/educapenco.cl\/dem\/wp-json\/wp\/v2\/types\/post"}],"author":[{"embeddable":true,"href":"https:\/\/educapenco.cl\/dem\/wp-json\/wp\/v2\/users\/2"}],"replies":[{"embeddable":true,"href":"https:\/\/educapenco.cl\/dem\/wp-json\/wp\/v2\/comments?post=784"}],"version-history":[{"count":2,"href":"https:\/\/educapenco.cl\/dem\/wp-json\/wp\/v2\/posts\/784\/revisions"}],"predecessor-version":[{"id":787,"href":"https:\/\/educapenco.cl\/dem\/wp-json\/wp\/v2\/posts\/784\/revisions\/787"}],"wp:featuredmedia":[{"embeddable":true,"href":"https:\/\/educapenco.cl\/dem\/wp-json\/wp\/v2\/media\/788"}],"wp:attachment":[{"href":"https:\/\/educapenco.cl\/dem\/wp-json\/wp\/v2\/media?parent=784"}],"wp:term":[{"taxonomy":"category","embeddable":true,"href":"https:\/\/educapenco.cl\/dem\/wp-json\/wp\/v2\/categories?post=784"},{"taxonomy":"post_tag","embeddable":true,"href":"https:\/\/educapenco.cl\/dem\/wp-json\/wp\/v2\/tags?post=784"}],"curies":[{"name":"wp","href":"https:\/\/api.w.org\/{rel}","templated":true}]}}